{"id":5917,"date":"2025-03-28T08:00:35","date_gmt":"2025-03-28T07:00:35","guid":{"rendered":"https:\/\/www.flexikeg.com\/?p=5917"},"modified":"2025-03-28T16:14:54","modified_gmt":"2025-03-28T15:14:54","slug":"vie-et-mort-dune-cartouche-dimprimante-le-modele-economique-voir-large","status":"publish","type":"post","link":"https:\/\/www.flexikeg.com\/fr\/vie-et-mort-dune-cartouche-dimprimante-le-modele-economique-voir-large\/","title":{"rendered":"Vie et mort d\u2019une cartouche d\u2019imprimante : le mod\u00e8le \u00e9conomique, voir large"},"content":{"rendered":"<p>L\u2019amont invisible, le visible puis l\u2019aval invisible. Je venais de d\u00e9couvrir que mon impact ne se limitait pas \u00e0 ce que je voyais. J\u2019\u00e9tais presque satisfait de ce premier pas quand une autre question a surgi dans ma t\u00eate\u00a0: pour quelle raison les choses sont-elles comme elle-sont\u00a0? Attention il ne s\u2019agit pas de la question philosophique du pourquoi des choses mais bien de la question pratique beaucoup plus terre \u00e0 terre\u00a0: pourquoi a-t-on besoin de pr\u00e8s de 300 grammes de plastique (visibles) pour apporter 8 grammes d\u2019encre dans mon imprimante.<\/p>\n<p>Cela m\u2019a ramen\u00e9 \u00e0 mes tr\u00e8s jeunes ann\u00e9es o\u00f9 j\u2019avais appris \u00e0 \u00e9crire \u00e0 l\u2019aide d\u2019un porte-plume que je trempais dans un encrier en porcelaine. L\u2019encre arrivait alors dans mon \u00e9cole en bouteilles (de m\u00e9moire d\u20191\/2 litre) que le ma\u00eetre mettait dans l\u2019encrier. Tr\u00e8s rapidement \u00e9tait arriv\u00e9 le stylo \u00e0 cartouche. Cartouche en plastique jetable apr\u00e8s usage mais que je remplissais une fois vide \u00e0 la seringue en pompant l\u2019encre dans des petites fioles (\u00e0 l\u2019\u00e9poque par souci d\u2019\u00e9conomie plus que par souci \u00e9cologique). Mais tous mes camarades pr\u00e9f\u00e9raient les cartouches jetables car plus commodes (d\u2019autant que les encriers en porcelaine avaient disparus).<\/p>\n<p>Bref premi\u00e8re raison du suremballage\u00a0: la praticit\u00e9, les ma\u00eetres n\u2019avaient plus \u00e0 remplir les encriers et les cartouches \u00e9taient simples d\u2019usage (en m\u00eame temps que pas tr\u00e8s ch\u00e8res, il fallait vraiment que je sois radin pour remplir les miennes \u00e0 la seringue).<\/p>\n<p>Vous me direz que le niveau technologique pour remplir un stylo \u00e0 la seringue n\u2019est pas le m\u00eame que pour faire un jet d\u2019encre calibr\u00e9 dans une imprimante\u2026 Certes sauf qu\u2019il existe des syst\u00e8mes d\u2019impression o\u00f9 l\u2019encre est pomp\u00e9e dans des r\u00e9serves et o\u00f9 les 24 grammes de plastique et d\u2019\u00e9lectronique jetables de ma cartouche (voir mon billet pr\u00e9c\u00e9dent) sont r\u00e9utilis\u00e9s. Mais alors pourquoi diable jeter \u00e0 chaque usage ces 24 grammes. La r\u00e9ponse est double\u00a0mon bon monsieur c\u2019est simple pour l\u2019utilisateur (on l\u2019a vu) mais c\u2019est aussi une mani\u00e8re pour les fabricants d\u2019imprimantes d\u2019augmenter et s\u00e9curiser leur chiffre d\u2019affaires.<\/p>\n<p>En effet le mod\u00e8le \u00e9conomique des fabricants d\u2019imprimante est simple. Inonder le march\u00e9 d\u2019imprimantes quasi gratuites \u00e0 l\u2019achat (\u00ab\u00a0une personne une imprimante\u00a0\u00bb \u00e9tait un slogan en vogue dans les ann\u00e9es 1990) et se rattraper sur la vente de consommables (les cartouches). Du coup il est clair que l\u00e0 o\u00f9 le consommable pourrait ne pas co\u00fbter cher (8 grammes d\u2019encre) il convient pour rentrer dans ses fonds de vendre avec lui un environnement \u00ab\u00a0indispensable\u00a0\u00bb et \u00ab\u00a0simple\u00a0\u00bb.<\/p>\n<p>J\u2019en arrivais ainsi \u00e0 la notion de mod\u00e8le \u00e9conomique qui g\u00e9n\u00e8re du revenu au travers du gaspillage. Et oui il est clair qu\u2019un fabricant d\u2019imprimante g\u00e9n\u00e8re plus de marge au travers des emballages jetables que de l\u2019encre ou des machines. Ce qui est choquant dans ce syst\u00e8me ce n\u2019est pas tant le mod\u00e8le de l\u2019usage (qui peut \u00eatre tr\u00e8s vertueux) mais de la fa\u00e7on dont cet usage gaspille des ressources et produit des d\u00e9chets au nom de la simplicit\u00e9. Je ne suis pas loin de penser que notre \u00e9conomie carbure au gaspillage\u2026<\/p>\n<p>Voil\u00e0 donc le cadre minimal au travers duquel j\u2019analyse maintenant mon impact\u00a0:<\/p>\n<ul>\n<li>Quelles ressources en amont,<\/li>\n<li>Quels d\u00e9chets en aval,<\/li>\n<li>Selon quel mod\u00e8le \u00e9conomique de \u00ab\u00a0gaspillage\u00a0\u00bb au nom de d\u2019une fonction qui m\u2019est apport\u00e9e.<\/li>\n<\/ul>\n<p>Et on le verra dans mes billets futurs, il est n\u00e9cessaire de bien consid\u00e9rer ces 3 aspects \u00e0 la fois et pas uniquement un seul au risque de passer \u00e0 c\u00f4t\u00e9 de l\u2019essentiel\u2026<\/p>\n","protected":false},"excerpt":{"rendered":"<p>L\u2019amont invisible, le visible puis l\u2019aval invisible. Je venais de d\u00e9couvrir que mon impact ne se limitait pas \u00e0 ce que je voyais. J\u2019\u00e9tais presque satisfait de ce premier pas quand une autre question a surgi dans ma t\u00eate\u00a0: pour quelle raison les choses sont-elles comme elle-sont\u00a0? Attention il ne s\u2019agit pas de la question [&hellip;]<\/p>\n","protected":false},"author":8,"featured_media":5922,"comment_status":"open","ping_status":"open","sticky":false,"template":"","format":"standard","meta":{"_acf_changed":false,"inline_featured_image":false,"footnotes":""},"categories":[1],"tags":[],"class_list":["post-5917","post","type-post","status-publish","format-standard","has-post-thumbnail","hentry","category-non-classifiee"],"acf":[],"yoast_head":"<!-- This site is optimized with the Yoast SEO plugin v26.9 - https:\/\/yoast.com\/product\/yoast-seo-wordpress\/ -->\n<title>Vie et mort d\u2019une cartouche d\u2019imprimante : le mod\u00e8le \u00e9conomique, voir large - Flexikeg<\/title>\n<meta name=\"description\" content=\"Depuis quelques ann\u00e9es nous sommes tous soumis \u00e0 une intense pression m\u00e9diatique qui nous presse de faire du bien \u00e0 la plan\u00e8te\" \/>\n<meta name=\"robots\" content=\"noindex, follow\" \/>\n<meta property=\"og:locale\" content=\"fr_FR\" \/>\n<meta property=\"og:type\" content=\"article\" \/>\n<meta property=\"og:title\" content=\"Vie et mort d\u2019une cartouche d\u2019imprimante : le mod\u00e8le \u00e9conomique, voir large - Flexikeg\" \/>\n<meta property=\"og:description\" content=\"Depuis quelques ann\u00e9es nous sommes tous soumis \u00e0 une intense pression m\u00e9diatique qui nous presse de faire du bien \u00e0 la plan\u00e8te\" \/>\n<meta property=\"og:url\" content=\"https:\/\/www.flexikeg.com\/fr\/vie-et-mort-dune-cartouche-dimprimante-le-modele-economique-voir-large\/\" \/>\n<meta property=\"og:site_name\" content=\"Flexikeg\" \/>\n<meta property=\"article:published_time\" content=\"2025-03-28T07:00:35+00:00\" \/>\n<meta property=\"article:modified_time\" content=\"2025-03-28T15:14:54+00:00\" \/>\n<meta property=\"og:image\" content=\"https:\/\/www.flexikeg.com\/wp-content\/uploads\/illustration-article-blog-N\u00b02.jpg.jpeg\" \/>\n\t<meta property=\"og:image:width\" content=\"1024\" \/>\n\t<meta property=\"og:image:height\" content=\"768\" \/>\n\t<meta property=\"og:image:type\" content=\"image\/jpeg\" \/>\n<meta name=\"author\" content=\"lara.boscher\" \/>\n<meta name=\"twitter:card\" content=\"summary_large_image\" \/>\n<meta name=\"twitter:label1\" content=\"\u00c9crit par\" \/>\n\t<meta name=\"twitter:data1\" content=\"lara.boscher\" \/>\n\t<meta name=\"twitter:label2\" content=\"Dur\u00e9e de lecture estim\u00e9e\" \/>\n\t<meta name=\"twitter:data2\" content=\"4 minutes\" \/>\n<script type=\"application\/ld+json\" class=\"yoast-schema-graph\">{\"@context\":\"https:\/\/schema.org\",\"@graph\":[{\"@type\":\"Article\",\"@id\":\"https:\/\/www.flexikeg.com\/fr\/vie-et-mort-dune-cartouche-dimprimante-le-modele-economique-voir-large\/#article\",\"isPartOf\":{\"@id\":\"https:\/\/www.flexikeg.com\/fr\/vie-et-mort-dune-cartouche-dimprimante-le-modele-economique-voir-large\/\"},\"author\":{\"name\":\"lara.boscher\",\"@id\":\"https:\/\/www.flexikeg.com\/fr\/#\/schema\/person\/8e608d3ba079e77711778eb11b7d87d7\"},\"headline\":\"Vie et mort d\u2019une cartouche d\u2019imprimante : le mod\u00e8le \u00e9conomique, voir large\",\"datePublished\":\"2025-03-28T07:00:35+00:00\",\"dateModified\":\"2025-03-28T15:14:54+00:00\",\"mainEntityOfPage\":{\"@id\":\"https:\/\/www.flexikeg.com\/fr\/vie-et-mort-dune-cartouche-dimprimante-le-modele-economique-voir-large\/\"},\"wordCount\":651,\"commentCount\":0,\"publisher\":{\"@id\":\"https:\/\/www.flexikeg.com\/fr\/#organization\"},\"image\":{\"@id\":\"https:\/\/www.flexikeg.com\/fr\/vie-et-mort-dune-cartouche-dimprimante-le-modele-economique-voir-large\/#primaryimage\"},\"thumbnailUrl\":\"https:\/\/www.flexikeg.com\/wp-content\/uploads\/illustration-article-blog-N\u00b02.jpg.jpeg\",\"articleSection\":[\"Non classifi\u00e9(e)\"],\"inLanguage\":\"fr-FR\",\"potentialAction\":[{\"@type\":\"CommentAction\",\"name\":\"Comment\",\"target\":[\"https:\/\/www.flexikeg.com\/fr\/vie-et-mort-dune-cartouche-dimprimante-le-modele-economique-voir-large\/#respond\"]}]},{\"@type\":\"WebPage\",\"@id\":\"https:\/\/www.flexikeg.com\/fr\/vie-et-mort-dune-cartouche-dimprimante-le-modele-economique-voir-large\/\",\"url\":\"https:\/\/www.flexikeg.com\/fr\/vie-et-mort-dune-cartouche-dimprimante-le-modele-economique-voir-large\/\",\"name\":\"Vie et mort d\u2019une cartouche d\u2019imprimante : le mod\u00e8le \u00e9conomique, voir large - Flexikeg\",\"isPartOf\":{\"@id\":\"https:\/\/www.flexikeg.com\/fr\/#website\"},\"primaryImageOfPage\":{\"@id\":\"https:\/\/www.flexikeg.com\/fr\/vie-et-mort-dune-cartouche-dimprimante-le-modele-economique-voir-large\/#primaryimage\"},\"image\":{\"@id\":\"https:\/\/www.flexikeg.com\/fr\/vie-et-mort-dune-cartouche-dimprimante-le-modele-economique-voir-large\/#primaryimage\"},\"thumbnailUrl\":\"https:\/\/www.flexikeg.com\/wp-content\/uploads\/illustration-article-blog-N\u00b02.jpg.jpeg\",\"datePublished\":\"2025-03-28T07:00:35+00:00\",\"dateModified\":\"2025-03-28T15:14:54+00:00\",\"description\":\"Depuis quelques ann\u00e9es nous sommes tous soumis \u00e0 une intense pression m\u00e9diatique qui nous presse de faire du bien \u00e0 la plan\u00e8te\",\"breadcrumb\":{\"@id\":\"https:\/\/www.flexikeg.com\/fr\/vie-et-mort-dune-cartouche-dimprimante-le-modele-economique-voir-large\/#breadcrumb\"},\"inLanguage\":\"fr-FR\",\"potentialAction\":[{\"@type\":\"ReadAction\",\"target\":[\"https:\/\/www.flexikeg.com\/fr\/vie-et-mort-dune-cartouche-dimprimante-le-modele-economique-voir-large\/\"]}]},{\"@type\":\"ImageObject\",\"inLanguage\":\"fr-FR\",\"@id\":\"https:\/\/www.flexikeg.com\/fr\/vie-et-mort-dune-cartouche-dimprimante-le-modele-economique-voir-large\/#primaryimage\",\"url\":\"https:\/\/www.flexikeg.com\/wp-content\/uploads\/illustration-article-blog-N\u00b02.jpg.jpeg\",\"contentUrl\":\"https:\/\/www.flexikeg.com\/wp-content\/uploads\/illustration-article-blog-N\u00b02.jpg.jpeg\",\"width\":1024,\"height\":768},{\"@type\":\"BreadcrumbList\",\"@id\":\"https:\/\/www.flexikeg.com\/fr\/vie-et-mort-dune-cartouche-dimprimante-le-modele-economique-voir-large\/#breadcrumb\",\"itemListElement\":[{\"@type\":\"ListItem\",\"position\":1,\"name\":\"Home\",\"item\":\"https:\/\/www.flexikeg.com\/fr\/\"},{\"@type\":\"ListItem\",\"position\":2,\"name\":\"Vie et mort d\u2019une cartouche d\u2019imprimante : le mod\u00e8le \u00e9conomique, voir large\"}]},{\"@type\":\"WebSite\",\"@id\":\"https:\/\/www.flexikeg.com\/fr\/#website\",\"url\":\"https:\/\/www.flexikeg.com\/fr\/\",\"name\":\"Flexikeg\",\"description\":\"F\u00fbt flexible \u00e9co-responsable\",\"publisher\":{\"@id\":\"https:\/\/www.flexikeg.com\/fr\/#organization\"},\"potentialAction\":[{\"@type\":\"SearchAction\",\"target\":{\"@type\":\"EntryPoint\",\"urlTemplate\":\"https:\/\/www.flexikeg.com\/fr\/?s={search_term_string}\"},\"query-input\":{\"@type\":\"PropertyValueSpecification\",\"valueRequired\":true,\"valueName\":\"search_term_string\"}}],\"inLanguage\":\"fr-FR\"},{\"@type\":\"Organization\",\"@id\":\"https:\/\/www.flexikeg.com\/fr\/#organization\",\"name\":\"Flexikeg\",\"url\":\"https:\/\/www.flexikeg.com\/fr\/\",\"logo\":{\"@type\":\"ImageObject\",\"inLanguage\":\"fr-FR\",\"@id\":\"https:\/\/www.flexikeg.com\/fr\/#\/schema\/logo\/image\/\",\"url\":\"https:\/\/www.flexikeg.com\/wp-content\/uploads\/ColibriLogoBaselineVert.png\",\"contentUrl\":\"https:\/\/www.flexikeg.com\/wp-content\/uploads\/ColibriLogoBaselineVert.png\",\"width\":1054,\"height\":423,\"caption\":\"Flexikeg\"},\"image\":{\"@id\":\"https:\/\/www.flexikeg.com\/fr\/#\/schema\/logo\/image\/\"}},{\"@type\":\"Person\",\"@id\":\"https:\/\/www.flexikeg.com\/fr\/#\/schema\/person\/8e608d3ba079e77711778eb11b7d87d7\",\"name\":\"lara.boscher\",\"image\":{\"@type\":\"ImageObject\",\"inLanguage\":\"fr-FR\",\"@id\":\"https:\/\/www.flexikeg.com\/fr\/#\/schema\/person\/image\/\",\"url\":\"https:\/\/secure.gravatar.com\/avatar\/15911099aa08b90b8cfd20217a29a798864aa8d419de32eb8e800c0a2da7cfa2?s=96&d=mm&r=g\",\"contentUrl\":\"https:\/\/secure.gravatar.com\/avatar\/15911099aa08b90b8cfd20217a29a798864aa8d419de32eb8e800c0a2da7cfa2?s=96&d=mm&r=g\",\"caption\":\"lara.boscher\"}}]}<\/script>\n<!-- \/ Yoast SEO plugin. -->","yoast_head_json":{"title":"Vie et mort d\u2019une cartouche d\u2019imprimante : le mod\u00e8le \u00e9conomique, voir large - Flexikeg","description":"Depuis quelques ann\u00e9es nous sommes tous soumis \u00e0 une intense pression m\u00e9diatique qui nous presse de faire du bien \u00e0 la plan\u00e8te","robots":{"index":"noindex","follow":"follow"},"og_locale":"fr_FR","og_type":"article","og_title":"Vie et mort d\u2019une cartouche d\u2019imprimante : le mod\u00e8le \u00e9conomique, voir large - Flexikeg","og_description":"Depuis quelques ann\u00e9es nous sommes tous soumis \u00e0 une intense pression m\u00e9diatique qui nous presse de faire du bien \u00e0 la plan\u00e8te","og_url":"https:\/\/www.flexikeg.com\/fr\/vie-et-mort-dune-cartouche-dimprimante-le-modele-economique-voir-large\/","og_site_name":"Flexikeg","article_published_time":"2025-03-28T07:00:35+00:00","article_modified_time":"2025-03-28T15:14:54+00:00","og_image":[{"width":1024,"height":768,"url":"https:\/\/www.flexikeg.com\/wp-content\/uploads\/illustration-article-blog-N\u00b02.jpg.jpeg","type":"image\/jpeg"}],"author":"lara.boscher","twitter_card":"summary_large_image","twitter_misc":{"\u00c9crit par":"lara.boscher","Dur\u00e9e de lecture estim\u00e9e":"4 minutes"},"schema":{"@context":"https:\/\/schema.org","@graph":[{"@type":"Article","@id":"https:\/\/www.flexikeg.com\/fr\/vie-et-mort-dune-cartouche-dimprimante-le-modele-economique-voir-large\/#article","isPartOf":{"@id":"https:\/\/www.flexikeg.com\/fr\/vie-et-mort-dune-cartouche-dimprimante-le-modele-economique-voir-large\/"},"author":{"name":"lara.boscher","@id":"https:\/\/www.flexikeg.com\/fr\/#\/schema\/person\/8e608d3ba079e77711778eb11b7d87d7"},"headline":"Vie et mort d\u2019une cartouche d\u2019imprimante : le mod\u00e8le \u00e9conomique, voir large","datePublished":"2025-03-28T07:00:35+00:00","dateModified":"2025-03-28T15:14:54+00:00","mainEntityOfPage":{"@id":"https:\/\/www.flexikeg.com\/fr\/vie-et-mort-dune-cartouche-dimprimante-le-modele-economique-voir-large\/"},"wordCount":651,"commentCount":0,"publisher":{"@id":"https:\/\/www.flexikeg.com\/fr\/#organization"},"image":{"@id":"https:\/\/www.flexikeg.com\/fr\/vie-et-mort-dune-cartouche-dimprimante-le-modele-economique-voir-large\/#primaryimage"},"thumbnailUrl":"https:\/\/www.flexikeg.com\/wp-content\/uploads\/illustration-article-blog-N\u00b02.jpg.jpeg","articleSection":["Non classifi\u00e9(e)"],"inLanguage":"fr-FR","potentialAction":[{"@type":"CommentAction","name":"Comment","target":["https:\/\/www.flexikeg.com\/fr\/vie-et-mort-dune-cartouche-dimprimante-le-modele-economique-voir-large\/#respond"]}]},{"@type":"WebPage","@id":"https:\/\/www.flexikeg.com\/fr\/vie-et-mort-dune-cartouche-dimprimante-le-modele-economique-voir-large\/","url":"https:\/\/www.flexikeg.com\/fr\/vie-et-mort-dune-cartouche-dimprimante-le-modele-economique-voir-large\/","name":"Vie et mort d\u2019une cartouche d\u2019imprimante : le mod\u00e8le \u00e9conomique, voir large - Flexikeg","isPartOf":{"@id":"https:\/\/www.flexikeg.com\/fr\/#website"},"primaryImageOfPage":{"@id":"https:\/\/www.flexikeg.com\/fr\/vie-et-mort-dune-cartouche-dimprimante-le-modele-economique-voir-large\/#primaryimage"},"image":{"@id":"https:\/\/www.flexikeg.com\/fr\/vie-et-mort-dune-cartouche-dimprimante-le-modele-economique-voir-large\/#primaryimage"},"thumbnailUrl":"https:\/\/www.flexikeg.com\/wp-content\/uploads\/illustration-article-blog-N\u00b02.jpg.jpeg","datePublished":"2025-03-28T07:00:35+00:00","dateModified":"2025-03-28T15:14:54+00:00","description":"Depuis quelques ann\u00e9es nous sommes tous soumis \u00e0 une intense pression m\u00e9diatique qui nous presse de faire du bien \u00e0 la plan\u00e8te","breadcrumb":{"@id":"https:\/\/www.flexikeg.com\/fr\/vie-et-mort-dune-cartouche-dimprimante-le-modele-economique-voir-large\/#breadcrumb"},"inLanguage":"fr-FR","potentialAction":[{"@type":"ReadAction","target":["https:\/\/www.flexikeg.com\/fr\/vie-et-mort-dune-cartouche-dimprimante-le-modele-economique-voir-large\/"]}]},{"@type":"ImageObject","inLanguage":"fr-FR","@id":"https:\/\/www.flexikeg.com\/fr\/vie-et-mort-dune-cartouche-dimprimante-le-modele-economique-voir-large\/#primaryimage","url":"https:\/\/www.flexikeg.com\/wp-content\/uploads\/illustration-article-blog-N\u00b02.jpg.jpeg","contentUrl":"https:\/\/www.flexikeg.com\/wp-content\/uploads\/illustration-article-blog-N\u00b02.jpg.jpeg","width":1024,"height":768},{"@type":"BreadcrumbList","@id":"https:\/\/www.flexikeg.com\/fr\/vie-et-mort-dune-cartouche-dimprimante-le-modele-economique-voir-large\/#breadcrumb","itemListElement":[{"@type":"ListItem","position":1,"name":"Home","item":"https:\/\/www.flexikeg.com\/fr\/"},{"@type":"ListItem","position":2,"name":"Vie et mort d\u2019une cartouche d\u2019imprimante : le mod\u00e8le \u00e9conomique, voir large"}]},{"@type":"WebSite","@id":"https:\/\/www.flexikeg.com\/fr\/#website","url":"https:\/\/www.flexikeg.com\/fr\/","name":"Flexikeg","description":"F\u00fbt flexible \u00e9co-responsable","publisher":{"@id":"https:\/\/www.flexikeg.com\/fr\/#organization"},"potentialAction":[{"@type":"SearchAction","target":{"@type":"EntryPoint","urlTemplate":"https:\/\/www.flexikeg.com\/fr\/?s={search_term_string}"},"query-input":{"@type":"PropertyValueSpecification","valueRequired":true,"valueName":"search_term_string"}}],"inLanguage":"fr-FR"},{"@type":"Organization","@id":"https:\/\/www.flexikeg.com\/fr\/#organization","name":"Flexikeg","url":"https:\/\/www.flexikeg.com\/fr\/","logo":{"@type":"ImageObject","inLanguage":"fr-FR","@id":"https:\/\/www.flexikeg.com\/fr\/#\/schema\/logo\/image\/","url":"https:\/\/www.flexikeg.com\/wp-content\/uploads\/ColibriLogoBaselineVert.png","contentUrl":"https:\/\/www.flexikeg.com\/wp-content\/uploads\/ColibriLogoBaselineVert.png","width":1054,"height":423,"caption":"Flexikeg"},"image":{"@id":"https:\/\/www.flexikeg.com\/fr\/#\/schema\/logo\/image\/"}},{"@type":"Person","@id":"https:\/\/www.flexikeg.com\/fr\/#\/schema\/person\/8e608d3ba079e77711778eb11b7d87d7","name":"lara.boscher","image":{"@type":"ImageObject","inLanguage":"fr-FR","@id":"https:\/\/www.flexikeg.com\/fr\/#\/schema\/person\/image\/","url":"https:\/\/secure.gravatar.com\/avatar\/15911099aa08b90b8cfd20217a29a798864aa8d419de32eb8e800c0a2da7cfa2?s=96&d=mm&r=g","contentUrl":"https:\/\/secure.gravatar.com\/avatar\/15911099aa08b90b8cfd20217a29a798864aa8d419de32eb8e800c0a2da7cfa2?s=96&d=mm&r=g","caption":"lara.boscher"}}]}},"_links":{"self":[{"href":"https:\/\/www.flexikeg.com\/fr\/wp-json\/wp\/v2\/posts\/5917","targetHints":{"allow":["GET"]}}],"collection":[{"href":"https:\/\/www.flexikeg.com\/fr\/wp-json\/wp\/v2\/posts"}],"about":[{"href":"https:\/\/www.flexikeg.com\/fr\/wp-json\/wp\/v2\/types\/post"}],"author":[{"embeddable":true,"href":"https:\/\/www.flexikeg.com\/fr\/wp-json\/wp\/v2\/users\/8"}],"replies":[{"embeddable":true,"href":"https:\/\/www.flexikeg.com\/fr\/wp-json\/wp\/v2\/comments?post=5917"}],"version-history":[{"count":1,"href":"https:\/\/www.flexikeg.com\/fr\/wp-json\/wp\/v2\/posts\/5917\/revisions"}],"predecessor-version":[{"id":5918,"href":"https:\/\/www.flexikeg.com\/fr\/wp-json\/wp\/v2\/posts\/5917\/revisions\/5918"}],"wp:featuredmedia":[{"embeddable":true,"href":"https:\/\/www.flexikeg.com\/fr\/wp-json\/wp\/v2\/media\/5922"}],"wp:attachment":[{"href":"https:\/\/www.flexikeg.com\/fr\/wp-json\/wp\/v2\/media?parent=5917"}],"wp:term":[{"taxonomy":"category","embeddable":true,"href":"https:\/\/www.flexikeg.com\/fr\/wp-json\/wp\/v2\/categories?post=5917"},{"taxonomy":"post_tag","embeddable":true,"href":"https:\/\/www.flexikeg.com\/fr\/wp-json\/wp\/v2\/tags?post=5917"}],"curies":[{"name":"wp","href":"https:\/\/api.w.org\/{rel}","templated":true}]}}